{"id":3686,"date":"2019-06-04T18:28:00","date_gmt":"2019-06-04T16:28:00","guid":{"rendered":"http:\/\/192.168.168.70\/blog\/?p=3686"},"modified":"2021-12-02T21:40:13","modified_gmt":"2021-12-02T20:40:13","slug":"litauens-norden","status":"publish","type":"post","link":"https:\/\/2unterwegs.eu\/?p=3686","title":{"rendered":"Litauens Norden"},"content":{"rendered":"\n<style type=\"text\/css\" data-created_by=\"avia_inline_auto\" id=\"style-css-av-2gcdl2-84d938bdf0919bba4841e8ad2bd69493\">\n.flex_column.av-2gcdl2-84d938bdf0919bba4841e8ad2bd69493{\nborder-radius:0px 0px 0px 0px;\npadding:0px 0px 0px 0px;\n}\n<\/style>\n<div  class='flex_column av-2gcdl2-84d938bdf0919bba4841e8ad2bd69493 av_one_full  avia-builder-el-0  avia-builder-el-no-sibling  first flex_column_div av-zero-column-padding  '     ><p><section  class='av_textblock_section av-k5wsxv9f-fa5f6c4372f2090a7c48146eaef96ddd '   itemscope=\"itemscope\" itemtype=\"https:\/\/schema.org\/BlogPosting\" itemprop=\"blogPost\" ><div class='avia_textblock av_inherit_color'  itemprop=\"text\" ><p>Wir lassen <strong>Klaipeda<\/strong> links liegen und fahren wieder in das Landesinnere. Die Ostseestr\u00e4nde werden wir sp\u00e4ter erkunden.<\/p>\n<p>Holzh\u00e4user pr\u00e4gen das l\u00e4ndliche und teilweise auch st\u00e4dtische Bild in Litauen. Und es gibt auch wundersch\u00f6ne Holzkirchen wie etwa die <strong>gr\u00fcne Kirche<\/strong> Sv. Luryno in Kalnalio. Leider k\u00f6nnen wir nicht rein, eine betagte Frau hat gerade gewischt. Als Trost zeigt sie uns dem Weg zum Aussichtsturm. Auch Aussichtst\u00fcrme sind beliebt in Litauen.<\/p>\n<p><strong>Zemaitijos Nationalpark<\/strong> bleiben wir gleich f\u00fcr zwei N\u00e4chte am glasklaren <strong>Plateliaisee<\/strong>. Gevatter Storch begr\u00fc\u00dft uns \u2013 leider haben wir keine frischen Fr\u00f6sche dabei.<br \/>\nDas kalte Wasser schreckt Ute nicht ab, naja, es muss ja nicht jedem gefallen.<br \/>\nWir unternehmen eine Radtour um den See, etwa 25km. Es geht durch herrliche Natur, am Wegesrand bl\u00fchen Orchideen. Sp\u00e4ter dann passieren wir ein Gel\u00e4nde mit vier Abschusssilos f\u00fcr Atomraketen, die Dinger sind gl\u00fccklicherweise nach den SALT-Abkommen in den 70er Jahren verschrottet worden. Heute Museum, ruft uns aber nicht.<br \/>\nViele Campingpl\u00e4tze sind rund um den See entstanden, auch Ferienanlagen. G\u00e4ste sehen wir keine \u2013 es ist Vorsaison.<\/p>\n<p><strong>Wetter 26<\/strong>\u00b0<img loading=\"lazy\" decoding=\"async\" src=\"https:\/\/2unterwegs.eu\/tb\/images\/wetter\/c0.gif\" alt=\"sonnig\" width=\"29\" height=\"22\" \/><\/p>\n<p><img loading=\"lazy\" decoding=\"async\" class=\"alignnone wp-image-3490 size-full\" src=\"https:\/\/2unterwegs.eu\/blog\/wp-content\/uploads\/2020\/01\/gabel24.png\" alt=\"Essen\" width=\"24\" height=\"24\" \/>\u00a0Pelmeni<\/p>\n<p>Unser erstes Ziel am n\u00e4chsten Tag ist der <strong>Berg der Kreuze<\/strong>. In der fr\u00fchen Geschichte wurde der Berg als heidnische Opferst\u00e4tte genutzt. W\u00e4hrend der Aufst\u00e4nde der litauischen Bev\u00f6lkerung gegen die russischen Besatzer\u00a0 im 19. Jahrhundert begann man auf dem Berg Kreuze f\u00fcr Angeh\u00f6rige zu errichten, deren Gr\u00e4ber man nicht kannte. Hinzu kamen sp\u00e4ter Kreuze f\u00fcr die Opfer der Stalinregierung. 1961 und Anfang der 70er wurden die Kreuze mehrfach durch die Machthaber plattgewalzt &#8211; jedoch schon am n\u00e4chsten Morgen standen neue Kreuze auf dem Berg. Dieser fromme Widerstand wurde auch durch eine Predigt des Pabstes vor Ort gew\u00fcrdigt. Heute ist der Berg ein Touristenmagnet und die Zahl von Zehntausenden errichteten und abgelegten Kreuze erh\u00f6ht sich t\u00e4glich. Wer sein Kreuz zu Hause vergessen hat, kauft sich eins f\u00fcr 2 bis 15 Euro am Souvenierstand&#8230;<\/p>\n<p>Wir \u00fcbernachten 100 km weiter \u00f6stlich beim Biobauern in <strong>Pajiemenau<\/strong>. Kees und seine Frau Daiva empfangen uns sehr freundlich. Wir finden einen schattigen Platz im liebevoll gestalteten Garten und sind mit allem versorgt, was ein Camper hin und wieder braucht: Dusche, frisches Wasser usw.. Sp\u00e4ter kommen noch vier Motorradfahrer aus Bautzen, die begeistert von unserem Wohnmobil sind. Die Hitze macht ihnen mehr zu schaffen als uns &#8211; wir haben eine Klimaanlage.<\/p>\n<p><strong>Wetter 29<\/strong>\u00b0<img loading=\"lazy\" decoding=\"async\" src=\"https:\/\/2unterwegs.eu\/tb\/images\/wetter\/c0.gif\" alt=\"sonnig\" width=\"29\" height=\"22\" \/><\/p>\n<p><img loading=\"lazy\" decoding=\"async\" class=\"alignnone size-full wp-image-3490\" src=\"https:\/\/192.168.168.70\/blog\/wp-content\/uploads\/2020\/01\/gabel24.png\" alt=\"Essen\" width=\"24\" height=\"24\" \/>\u00a0 ger\u00e4ucherter Ostseedorsch<\/p>\n<p>Am Donnerstag wird gut gefr\u00fchst\u00fcckt. Dann fahren wir in die Bierstadt <strong>Bir\u017eai<\/strong>, hier gibt es vier Brauerein. Da wir aber nicht einkehren wollen und k\u00f6nnen, kaufen wir uns eine gro\u00dfe Flasche Bier. Wir besuchen noch das Schlo\u00df am See und schauen auf die imposante 500m lange Holzbr\u00fccke \u00fcber den See.<br \/>\nIn Richtung Lettland geraten wir ungewollt auf eine Schotterstra\u00dfe. Der innereurop\u00e4ische Grenz\u00fcbergang besteht lediglich aus einem Hinweisschild auf dem Feld.<br \/>\nAm Abend kehren wir dann die H\u00e4lfte der Schotterstra\u00dfe vom Wohnmobil ab, die Fahrr\u00e4der bekommen auch ihren Teil ab. Das wird nicht das letzte Mal sein.<\/p>\n<\/div><\/section><br \/>\n<div id='av-masonry-1' class='av-masonry av-k70m0bmh-602466513d8e1c676461b8269595d666 noHover av-fixed-size av-large-gap av-hover-overlay-active av-masonry-animation-active av-masonry-col-flexible av-caption-on-hover av-caption-style- av-masonry-gallery ' data-post_id=\"3686\"><div class=\"av-masonry-container isotope av-js-disabled\"><div class='av-masonry-entry isotope-item av-masonry-item-no-image '><\/div><a href=\"https:\/\/2unterwegs.eu\/blog\/wp-content\/uploads\/2020\/02\/20190603-1111-1050865.jpg\" data-srcset=\"https:\/\/2unterwegs.eu\/blog\/wp-content\/uploads\/2020\/02\/20190603-1111-1050865.jpg 899w, https:\/\/2unterwegs.eu\/blog\/wp-content\/uploads\/2020\/02\/20190603-1111-1050865-300x225.jpg 300w, https:\/\/2unterwegs.eu\/blog\/wp-content\/uploads\/2020\/02\/20190603-1111-1050865-80x60.jpg 80w, https:\/\/2unterwegs.eu\/blog\/wp-content\/uploads\/2020\/02\/20190603-1111-1050865-768x577.jpg 768w, https:\/\/2unterwegs.eu\/blog\/wp-content\/uploads\/2020\/02\/20190603-1111-1050865-705x529.jpg 705w\" data-sizes=\"(max-width: 899px) 100vw, 899px\"  aria-label=\"Bild Gr\u00fcne Kirche\"  id='av-masonry-1-item-3694' data-av-masonry-item='3694' class='av-masonry-entry isotope-item post-3694 attachment type-attachment status-inherit hentry  av-masonry-item-with-image av-grid-img' title=\"Gr\u00fcne Kirche\" alt=\"\"    itemprop=\"thumbnailUrl\" ><div class='av-inner-masonry-sizer'><\/div><figure class='av-inner-masonry main_color'><div class=\"av-masonry-outerimage-container\"><div class='av-masonry-image-container' style=\"background-image: url(https:\/\/2unterwegs.eu\/blog\/wp-content\/uploads\/2020\/02\/20190603-1111-1050865-705x529.jpg);\"  title=\"Gr\u00fcne Kirche\"  ><\/div><\/div><figcaption class='av-inner-masonry-content site-background'><div class='av-inner-masonry-content-pos'><div class='av-inner-masonry-content-pos-content'><div class='avia-arrow'><\/div><h3 class='av-masonry-entry-title entry-title '  itemprop=\"headline\" >Gr\u00fcne Kirche<\/h3><\/div><\/div><\/figcaption><\/figure><\/a><!--end av-masonry entry--><a href=\"https:\/\/2unterwegs.eu\/blog\/wp-content\/uploads\/2020\/02\/20190603-1301-1050870.jpg\" data-srcset=\"https:\/\/2unterwegs.eu\/blog\/wp-content\/uploads\/2020\/02\/20190603-1301-1050870.jpg 900w, https:\/\/2unterwegs.eu\/blog\/wp-content\/uploads\/2020\/02\/20190603-1301-1050870-300x225.jpg 300w, https:\/\/2unterwegs.eu\/blog\/wp-content\/uploads\/2020\/02\/20190603-1301-1050870-80x60.jpg 80w, https:\/\/2unterwegs.eu\/blog\/wp-content\/uploads\/2020\/02\/20190603-1301-1050870-768x576.jpg 768w, https:\/\/2unterwegs.eu\/blog\/wp-content\/uploads\/2020\/02\/20190603-1301-1050870-705x529.jpg 705w\" data-sizes=\"(max-width: 900px) 100vw, 900px\"  aria-label=\"Bild Besuch vom Storch\"  id='av-masonry-1-item-3695' data-av-masonry-item='3695' class='av-masonry-entry isotope-item post-3695 attachment type-attachment status-inherit hentry  av-masonry-item-with-image av-grid-img' title=\"Besuch vom Storch\" alt=\"\"    itemprop=\"thumbnailUrl\" ><div class='av-inner-masonry-sizer'><\/div><figure class='av-inner-masonry main_color'><div class=\"av-masonry-outerimage-container\"><div class='av-masonry-image-container' style=\"background-image: url(https:\/\/2unterwegs.eu\/blog\/wp-content\/uploads\/2020\/02\/20190603-1301-1050870-705x529.jpg);\"  title=\"Besuch vom Storch\"  ><\/div><\/div><figcaption class='av-inner-masonry-content site-background'><div class='av-inner-masonry-content-pos'><div class='av-inner-masonry-content-pos-content'><div class='avia-arrow'><\/div><h3 class='av-masonry-entry-title entry-title '  itemprop=\"headline\" >Besuch vom Storch<\/h3><\/div><\/div><\/figcaption><\/figure><\/a><!--end av-masonry entry--><a href=\"https:\/\/2unterwegs.eu\/blog\/wp-content\/uploads\/2020\/02\/20190603-1723-1050888-1030x579.jpg\" data-srcset=\"https:\/\/2unterwegs.eu\/blog\/wp-content\/uploads\/2020\/02\/20190603-1723-1050888-1030x579.jpg 1030w, https:\/\/2unterwegs.eu\/blog\/wp-content\/uploads\/2020\/02\/20190603-1723-1050888-300x169.jpg 300w, https:\/\/2unterwegs.eu\/blog\/wp-content\/uploads\/2020\/02\/20190603-1723-1050888-80x45.jpg 80w, https:\/\/2unterwegs.eu\/blog\/wp-content\/uploads\/2020\/02\/20190603-1723-1050888-768x432.jpg 768w, https:\/\/2unterwegs.eu\/blog\/wp-content\/uploads\/2020\/02\/20190603-1723-1050888-705x397.jpg 705w, https:\/\/2unterwegs.eu\/blog\/wp-content\/uploads\/2020\/02\/20190603-1723-1050888.jpg 1200w\" data-sizes=\"(max-width: 1030px) 100vw, 1030px\"  aria-label=\"Bild Villa Seeblick\"  id='av-masonry-1-item-3698' data-av-masonry-item='3698' class='av-masonry-entry isotope-item post-3698 attachment type-attachment status-inherit hentry  av-masonry-item-with-image av-landscape-img' title=\"Villa Seeblick\" alt=\"\"    itemprop=\"thumbnailUrl\" ><div class='av-inner-masonry-sizer'><\/div><figure class='av-inner-masonry main_color'><div class=\"av-masonry-outerimage-container\"><div class='av-masonry-image-container' style=\"background-image: url(https:\/\/2unterwegs.eu\/blog\/wp-content\/uploads\/2020\/02\/20190603-1723-1050888-705x397.jpg);\"  title=\"Villa Seeblick\"  ><\/div><\/div><figcaption class='av-inner-masonry-content site-background'><div class='av-inner-masonry-content-pos'><div class='av-inner-masonry-content-pos-content'><div class='avia-arrow'><\/div><h3 class='av-masonry-entry-title entry-title '  itemprop=\"headline\" >Villa Seeblick<\/h3><\/div><\/div><\/figcaption><\/figure><\/a><!--end av-masonry entry--><a href=\"https:\/\/2unterwegs.eu\/blog\/wp-content\/uploads\/2020\/02\/20190603-1437-1050875-1030x579.jpg\" data-srcset=\"https:\/\/2unterwegs.eu\/blog\/wp-content\/uploads\/2020\/02\/20190603-1437-1050875-1030x579.jpg 1030w, https:\/\/2unterwegs.eu\/blog\/wp-content\/uploads\/2020\/02\/20190603-1437-1050875-300x169.jpg 300w, https:\/\/2unterwegs.eu\/blog\/wp-content\/uploads\/2020\/02\/20190603-1437-1050875-80x45.jpg 80w, https:\/\/2unterwegs.eu\/blog\/wp-content\/uploads\/2020\/02\/20190603-1437-1050875-768x432.jpg 768w, https:\/\/2unterwegs.eu\/blog\/wp-content\/uploads\/2020\/02\/20190603-1437-1050875-705x397.jpg 705w, https:\/\/2unterwegs.eu\/blog\/wp-content\/uploads\/2020\/02\/20190603-1437-1050875.jpg 1200w\" data-sizes=\"(max-width: 1030px) 100vw, 1030px\"  aria-label=\"Bild Plateliaisee\"  id='av-masonry-1-item-3696' data-av-masonry-item='3696' class='av-masonry-entry isotope-item post-3696 attachment type-attachment status-inherit hentry  av-masonry-item-with-image av-landscape-img' title=\"Plateliaisee\" alt=\"\"    itemprop=\"thumbnailUrl\" ><div class='av-inner-masonry-sizer'><\/div><figure class='av-inner-masonry main_color'><div class=\"av-masonry-outerimage-container\"><div class='av-masonry-image-container' style=\"background-image: url(https:\/\/2unterwegs.eu\/blog\/wp-content\/uploads\/2020\/02\/20190603-1437-1050875-705x397.jpg);\"  title=\"Plateliaisee\"  ><\/div><\/div><figcaption class='av-inner-masonry-content site-background'><div class='av-inner-masonry-content-pos'><div class='av-inner-masonry-content-pos-content'><div class='avia-arrow'><\/div><h3 class='av-masonry-entry-title entry-title '  itemprop=\"headline\" >Plateliaisee<\/h3><\/div><\/div><\/figcaption><\/figure><\/a><!--end av-masonry entry--><a href=\"https:\/\/2unterwegs.eu\/blog\/wp-content\/uploads\/2020\/02\/20190605-1140-1050900.jpg\" data-srcset=\"https:\/\/2unterwegs.eu\/blog\/wp-content\/uploads\/2020\/02\/20190605-1140-1050900.jpg 900w, https:\/\/2unterwegs.eu\/blog\/wp-content\/uploads\/2020\/02\/20190605-1140-1050900-300x225.jpg 300w, https:\/\/2unterwegs.eu\/blog\/wp-content\/uploads\/2020\/02\/20190605-1140-1050900-80x60.jpg 80w, https:\/\/2unterwegs.eu\/blog\/wp-content\/uploads\/2020\/02\/20190605-1140-1050900-768x576.jpg 768w, https:\/\/2unterwegs.eu\/blog\/wp-content\/uploads\/2020\/02\/20190605-1140-1050900-705x529.jpg 705w\" data-sizes=\"(max-width: 900px) 100vw, 900px\"  aria-label=\"Bild Berg der Kreuze\"  id='av-masonry-1-item-3700' data-av-masonry-item='3700' class='av-masonry-entry isotope-item post-3700 attachment type-attachment status-inherit hentry  av-masonry-item-with-image av-grid-img' title=\"Berg der Kreuze\" alt=\"\"    itemprop=\"thumbnailUrl\" ><div class='av-inner-masonry-sizer'><\/div><figure class='av-inner-masonry main_color'><div class=\"av-masonry-outerimage-container\"><div class='av-masonry-image-container' style=\"background-image: url(https:\/\/2unterwegs.eu\/blog\/wp-content\/uploads\/2020\/02\/20190605-1140-1050900-705x529.jpg);\"  title=\"Berg der Kreuze\"  ><\/div><\/div><figcaption class='av-inner-masonry-content site-background'><div class='av-inner-masonry-content-pos'><div class='av-inner-masonry-content-pos-content'><div class='avia-arrow'><\/div><h3 class='av-masonry-entry-title entry-title '  itemprop=\"headline\" >Berg der Kreuze<\/h3><\/div><\/div><\/figcaption><\/figure><\/a><!--end av-masonry entry--><a href=\"https:\/\/2unterwegs.eu\/blog\/wp-content\/uploads\/2020\/02\/20190605-1136-1050896.jpg\" data-srcset=\"https:\/\/2unterwegs.eu\/blog\/wp-content\/uploads\/2020\/02\/20190605-1136-1050896.jpg 900w, https:\/\/2unterwegs.eu\/blog\/wp-content\/uploads\/2020\/02\/20190605-1136-1050896-300x225.jpg 300w, https:\/\/2unterwegs.eu\/blog\/wp-content\/uploads\/2020\/02\/20190605-1136-1050896-80x60.jpg 80w, https:\/\/2unterwegs.eu\/blog\/wp-content\/uploads\/2020\/02\/20190605-1136-1050896-768x576.jpg 768w, https:\/\/2unterwegs.eu\/blog\/wp-content\/uploads\/2020\/02\/20190605-1136-1050896-705x529.jpg 705w\" data-sizes=\"(max-width: 900px) 100vw, 900px\"  aria-label=\"Bild Berg der Kreuze\"  id='av-masonry-1-item-3699' data-av-masonry-item='3699' class='av-masonry-entry isotope-item post-3699 attachment type-attachment status-inherit hentry  av-masonry-item-with-image av-grid-img' title=\"Berg der Kreuze\" alt=\"\"    itemprop=\"thumbnailUrl\" ><div class='av-inner-masonry-sizer'><\/div><figure class='av-inner-masonry main_color'><div class=\"av-masonry-outerimage-container\"><div class='av-masonry-image-container' style=\"background-image: url(https:\/\/2unterwegs.eu\/blog\/wp-content\/uploads\/2020\/02\/20190605-1136-1050896-705x529.jpg);\"  title=\"Berg der Kreuze\"  ><\/div><\/div><figcaption class='av-inner-masonry-content site-background'><div class='av-inner-masonry-content-pos'><div class='av-inner-masonry-content-pos-content'><div class='avia-arrow'><\/div><h3 class='av-masonry-entry-title entry-title '  itemprop=\"headline\" >Berg der Kreuze<\/h3><\/div><\/div><\/figcaption><\/figure><\/a><!--end av-masonry entry--><a href=\"https:\/\/2unterwegs.eu\/blog\/wp-content\/uploads\/2020\/02\/20190605-1147-1050904.jpg\" data-srcset=\"https:\/\/2unterwegs.eu\/blog\/wp-content\/uploads\/2020\/02\/20190605-1147-1050904.jpg 900w, https:\/\/2unterwegs.eu\/blog\/wp-content\/uploads\/2020\/02\/20190605-1147-1050904-300x225.jpg 300w, https:\/\/2unterwegs.eu\/blog\/wp-content\/uploads\/2020\/02\/20190605-1147-1050904-80x60.jpg 80w, https:\/\/2unterwegs.eu\/blog\/wp-content\/uploads\/2020\/02\/20190605-1147-1050904-768x576.jpg 768w, https:\/\/2unterwegs.eu\/blog\/wp-content\/uploads\/2020\/02\/20190605-1147-1050904-705x529.jpg 705w\" data-sizes=\"(max-width: 900px) 100vw, 900px\"  aria-label=\"Bild Berg der Kreuze\"  id='av-masonry-1-item-3701' data-av-masonry-item='3701' class='av-masonry-entry isotope-item post-3701 attachment type-attachment status-inherit hentry  av-masonry-item-with-image av-grid-img' title=\"Berg der Kreuze\" alt=\"\"    itemprop=\"thumbnailUrl\" ><div class='av-inner-masonry-sizer'><\/div><figure class='av-inner-masonry main_color'><div class=\"av-masonry-outerimage-container\"><div class='av-masonry-image-container' style=\"background-image: url(https:\/\/2unterwegs.eu\/blog\/wp-content\/uploads\/2020\/02\/20190605-1147-1050904-705x529.jpg);\"  title=\"Berg der Kreuze\"  ><\/div><\/div><figcaption class='av-inner-masonry-content site-background'><div class='av-inner-masonry-content-pos'><div class='av-inner-masonry-content-pos-content'><div class='avia-arrow'><\/div><h3 class='av-masonry-entry-title entry-title '  itemprop=\"headline\" >Berg der Kreuze<\/h3><\/div><\/div><\/figcaption><\/figure><\/a><!--end av-masonry entry--><\/div><\/div><\/p><\/div>\n","protected":false},"excerpt":{"rendered":"<p>Holzh\u00e4user pr\u00e4gen das l\u00e4ndliche und teilweise auch st\u00e4dtische Bild in Litauen. Und es gibt auch wundersch\u00f6ne Holzkirchen wie etwa die gr\u00fcne Kirche Sv. Luryno in Kalnalio. Leider k\u00f6nnen wir nicht rein, eine betagte Frau hat gerade gewischt. Als Trost zeigt sie uns dem Weg zum Aussichtsturm. Auch Aussichtst\u00fcrme sind beliebt in Litauen.<\/p>\n<p>Zemaitijos Nationalpark bleiben wir gleich f\u00fcr zwei N\u00e4chte am glasklaren Plateliaisee. Gevatter Storch begr\u00fc\u00dft uns \u2013 leider haben wir keine frischen Fr\u00f6sche dabei.<br \/>\nDas kalte Wasser schreckt Ute nicht ab, naja, es muss ja nicht jedem gefallen.<\/p>\n","protected":false},"author":1,"featured_media":3698,"comment_status":"open","ping_status":"open","sticky":false,"template":"","format":"standard","meta":{"_crdt_document":"","footnotes":""},"categories":[4],"tags":[52,54,49,48,53,51,50],"class_list":["post-3686","post","type-post","status-publish","format-standard","has-post-thumbnail","hentry","category-baltikum-2019","tag-berg-der-kreuze","tag-birzai","tag-kalnalio","tag-klaipeda","tag-pajiemenau","tag-plateliasee","tag-zemaitijos-nationalpark"],"_links":{"self":[{"href":"https:\/\/2unterwegs.eu\/index.php?rest_route=\/wp\/v2\/posts\/3686","targetHints":{"allow":["GET"]}}],"collection":[{"href":"https:\/\/2unterwegs.eu\/index.php?rest_route=\/wp\/v2\/posts"}],"about":[{"href":"https:\/\/2unterwegs.eu\/index.php?rest_route=\/wp\/v2\/types\/post"}],"author":[{"embeddable":true,"href":"https:\/\/2unterwegs.eu\/index.php?rest_route=\/wp\/v2\/users\/1"}],"replies":[{"embeddable":true,"href":"https:\/\/2unterwegs.eu\/index.php?rest_route=%2Fwp%2Fv2%2Fcomments&post=3686"}],"version-history":[{"count":10,"href":"https:\/\/2unterwegs.eu\/index.php?rest_route=\/wp\/v2\/posts\/3686\/revisions"}],"predecessor-version":[{"id":4355,"href":"https:\/\/2unterwegs.eu\/index.php?rest_route=\/wp\/v2\/posts\/3686\/revisions\/4355"}],"wp:featuredmedia":[{"embeddable":true,"href":"https:\/\/2unterwegs.eu\/index.php?rest_route=\/wp\/v2\/media\/3698"}],"wp:attachment":[{"href":"https:\/\/2unterwegs.eu\/index.php?rest_route=%2Fwp%2Fv2%2Fmedia&parent=3686"}],"wp:term":[{"taxonomy":"category","embeddable":true,"href":"https:\/\/2unterwegs.eu\/index.php?rest_route=%2Fwp%2Fv2%2Fcategories&post=3686"},{"taxonomy":"post_tag","embeddable":true,"href":"https:\/\/2unterwegs.eu\/index.php?rest_route=%2Fwp%2Fv2%2Ftags&post=3686"}],"curies":[{"name":"wp","href":"https:\/\/api.w.org\/{rel}","templated":true}]}}