{"id":4492,"date":"2018-10-22T19:46:00","date_gmt":"2018-10-22T17:46:00","guid":{"rendered":"https:\/\/2unterwegs.eu\/?p=4492"},"modified":"2022-04-02T18:14:29","modified_gmt":"2022-04-02T16:14:29","slug":"aglona-novads-2-3","status":"publish","type":"post","link":"https:\/\/2unterwegs.eu\/?p=4492","title":{"rendered":"Braganca"},"content":{"rendered":"\n<style type=\"text\/css\" data-created_by=\"avia_inline_auto\" id=\"style-css-av-2vuiiw-c439d4c65ed19c7c1759d6cd7819cf5a\">\n.flex_column.av-2vuiiw-c439d4c65ed19c7c1759d6cd7819cf5a{\nborder-radius:0px 0px 0px 0px;\npadding:0px 0px 0px 0px;\n}\n<\/style>\n<div  class='flex_column av-2vuiiw-c439d4c65ed19c7c1759d6cd7819cf5a av_one_full  avia-builder-el-0  avia-builder-el-no-sibling  first flex_column_div av-zero-column-padding  '     ><p><section  class='av_textblock_section av-k7ryrp8a-ce60d828f849d872ec1db445fd3ff256 '   itemscope=\"itemscope\" itemtype=\"https:\/\/schema.org\/BlogPosting\" itemprop=\"blogPost\" ><div class='avia_textblock'  itemprop=\"text\" ><p>Der Reisef\u00fchrer beschreibt den Ort am S\u00fcdrand des Nationalparks Montesinho als &#8222;Hotspot&#8220; Portugals &#8211; das k\u00f6nnen wir so nicht nachempfinden. Immerhin: wie sooft schon macht es Spa\u00df in den Gassen der Altstadt innerhalb der Burganlage herumzustreifen.<\/p>\n<p>Auf dem Stellplatz lernen wir wieder einmal nette Mitcamper kennen. Ein \u00e4lteres (pardon) Paar ist jahrelang mit seinem Pickup-Camper in Amerika unterwegs gewesen, hat das Auto mit nach Hause gebracht und \u00fcberwintert jetzt darin in S\u00fcdeuropa. Im Sommer wird der eigene Garten betreut.<\/p>\n<p><strong>Wetter 18-22<\/strong>\u00b0<img loading=\"lazy\" decoding=\"async\" src=\"https:\/\/www.2unterwegs.eu\/tb\/images\/wetter\/c1.gif\" alt=\"leicht bew\u00f6lkt\" width=\"29\" height=\"22\" \/><\/p>\n<p><img loading=\"lazy\" decoding=\"async\" class=\"alignnone size-full wp-image-3490\" src=\"https:\/\/2unterwegs.eu\/blog\/wp-content\/uploads\/2020\/01\/gabel24.png\" alt=\"Essen\" width=\"24\" height=\"24\" \/> Das eigentliche Erlebnis war unser Abendessen im Restaurant &#8222;<strong>Solar Bragancano<\/strong>&#8220; in der ersten Etage eines Stadtpalalasts aus dem 17. Jahrhundert. Die alten get\u00e4felten Decken, M\u00f6bel, Geschirr und Besteck vermitteln historisches Ambiente als sei die Zeit stehen geblieben. Man tritt ein durch die Bibliothek: klassische Musik, Kamin, eine Sammlung unz\u00e4hliger Flaschen, trinkreif.<\/p>\n<p>Unser Men\u00fc:<\/p>\n<ul>\n<li>Ger\u00f6stetes Wei\u00dfbrot mit Oliven\u00f6l und Knoblauch (Gru\u00df aus der K\u00fcche)<\/li>\n<li>Bacalhausalat (ein Traum)<\/li>\n<li>Hirschgulasch mit verschiedenen heimischen Gem\u00fcsen f\u00fcr Ute<\/li>\n<li>Fasan mit Gem\u00fcsen und Apfelp\u00fcree f\u00fcr Torsten<\/li>\n<li>Die Weinkarte unterbreitet Angebote zwischen 5 und 600 Euro pro Flasche &#8211; wir sind mit unserer Wahl, die in einer alten Karaffe serviert wurde, hoch zufrieden<\/li>\n<li>Eierpudding (regionale Spezialit\u00e4t, wie auch das Wild) f\u00fcr Torsten<\/li>\n<li>Espresso<\/li>\n<\/ul>\n<p>Macht Appetit, oder? Der Service war professionell wie aus dem Lehrbuch dabei pers\u00f6nlich freundlich. Auch der Chef k\u00fcmmert sich selbst.<\/p>\n<p>Es kommt wohl selten vor, dass die abschlie\u00dfende Abrechnung den Abend perfekt macht &#8211; knapp unter 50 Euro! (ihr habt es gemerkt: der Wein war nicht die obere Preisklasse)<\/p>\n<p>Bilder sp\u00e4ter oder <a href=\"https:\/\/www.tripadvisor.com\/Restaurant_Review-g189172-d1857117-Reviews-Solar_Bragancano-Braganca_Braganca_District_Northern_Portugal.html#photos;aggregationId=101&amp;albumid=101&amp;filter=7&amp;ff=400448876\" target=\"_blank\" rel=\"noopener\">hier<\/a>.<\/p>\n<\/div><\/section><br \/>\n<div id='av-masonry-1' class='av-masonry av-k7rz0e82-ba94492cc4ea0a4eb00e8045714be317 noHover av-fixed-size av-large-gap av-hover-overlay-active av-masonry-animation-active av-masonry-col-flexible av-caption-on-hover av-caption-style- av-masonry-gallery ' data-post_id=\"4492\"><div class=\"av-masonry-container isotope av-js-disabled\"><div class='av-masonry-entry isotope-item av-masonry-item-no-image '><\/div><a href=\"https:\/\/2unterwegs.eu\/blog\/wp-content\/uploads\/2022\/04\/202204021808-1030x640.jpg\" data-srcset=\"https:\/\/2unterwegs.eu\/blog\/wp-content\/uploads\/2022\/04\/202204021808-1030x640.jpg 1030w, https:\/\/2unterwegs.eu\/blog\/wp-content\/uploads\/2022\/04\/202204021808-300x186.jpg 300w, https:\/\/2unterwegs.eu\/blog\/wp-content\/uploads\/2022\/04\/202204021808-768x477.jpg 768w, https:\/\/2unterwegs.eu\/blog\/wp-content\/uploads\/2022\/04\/202204021808-705x438.jpg 705w, https:\/\/2unterwegs.eu\/blog\/wp-content\/uploads\/2022\/04\/202204021808.jpg 1087w\" data-sizes=\"(max-width: 1030px) 100vw, 1030px\"  aria-label=\"Bild Solar Bragancano\"  id='av-masonry-1-item-4753' data-av-masonry-item='4753' class='av-masonry-entry isotope-item post-4753 attachment type-attachment status-inherit hentry  av-masonry-item-with-image av-grid-img' title=\"Solar Bragancano\" alt=\"\"    itemprop=\"thumbnailUrl\" ><div class='av-inner-masonry-sizer'><\/div><figure class='av-inner-masonry main_color'><div class=\"av-masonry-outerimage-container\"><div class='av-masonry-image-container' style=\"background-image: url(https:\/\/2unterwegs.eu\/blog\/wp-content\/uploads\/2022\/04\/202204021808-705x438.jpg);\"  title=\"Solar Bragancano\"  ><\/div><\/div><figcaption class='av-inner-masonry-content site-background'><div class='av-inner-masonry-content-pos'><div class='av-inner-masonry-content-pos-content'><div class='avia-arrow'><\/div><h3 class='av-masonry-entry-title entry-title '  itemprop=\"headline\" >Solar Bragancano<\/h3><\/div><\/div><\/figcaption><\/figure><\/a><!--end av-masonry entry--><\/div><\/div><\/p><\/div>\n","protected":false},"excerpt":{"rendered":"<p>Der Reisef\u00fchrer beschreibt den Ort am S\u00fcdrand des Nationalparks Montesinho als &#8222;Hotspot&#8220; Portugals &#8211; das k\u00f6nnen wir so nicht nachempfinden. Immerhin: wie sooft schon macht es Spa\u00df in den Gassen der Altstadt innerhalb der Burganlage herumzustreifen&#8230;<\/p>\n","protected":false},"author":3,"featured_media":4753,"comment_status":"closed","ping_status":"closed","sticky":false,"template":"","format":"standard","meta":{"_crdt_document":"","footnotes":""},"categories":[149],"tags":[],"class_list":["post-4492","post","type-post","status-publish","format-standard","has-post-thumbnail","hentry","category-portugal-2018"],"_links":{"self":[{"href":"https:\/\/2unterwegs.eu\/index.php?rest_route=\/wp\/v2\/posts\/4492","targetHints":{"allow":["GET"]}}],"collection":[{"href":"https:\/\/2unterwegs.eu\/index.php?rest_route=\/wp\/v2\/posts"}],"about":[{"href":"https:\/\/2unterwegs.eu\/index.php?rest_route=\/wp\/v2\/types\/post"}],"author":[{"embeddable":true,"href":"https:\/\/2unterwegs.eu\/index.php?rest_route=\/wp\/v2\/users\/3"}],"replies":[{"embeddable":true,"href":"https:\/\/2unterwegs.eu\/index.php?rest_route=%2Fwp%2Fv2%2Fcomments&post=4492"}],"version-history":[{"count":7,"href":"https:\/\/2unterwegs.eu\/index.php?rest_route=\/wp\/v2\/posts\/4492\/revisions"}],"predecessor-version":[{"id":4763,"href":"https:\/\/2unterwegs.eu\/index.php?rest_route=\/wp\/v2\/posts\/4492\/revisions\/4763"}],"wp:featuredmedia":[{"embeddable":true,"href":"https:\/\/2unterwegs.eu\/index.php?rest_route=\/wp\/v2\/media\/4753"}],"wp:attachment":[{"href":"https:\/\/2unterwegs.eu\/index.php?rest_route=%2Fwp%2Fv2%2Fmedia&parent=4492"}],"wp:term":[{"taxonomy":"category","embeddable":true,"href":"https:\/\/2unterwegs.eu\/index.php?rest_route=%2Fwp%2Fv2%2Fcategories&post=4492"},{"taxonomy":"post_tag","embeddable":true,"href":"https:\/\/2unterwegs.eu\/index.php?rest_route=%2Fwp%2Fv2%2Ftags&post=4492"}],"curies":[{"name":"wp","href":"https:\/\/api.w.org\/{rel}","templated":true}]}}